{"id":1,"date":"2024-04-04T14:24:16","date_gmt":"2024-04-04T12:24:16","guid":{"rendered":"https:\/\/www.interreg-alert.eu\/alert-pyr\/?p=1"},"modified":"2024-11-05T09:40:51","modified_gmt":"2024-11-05T08:40:51","slug":"formation-pilotage-drones","status":"publish","type":"post","link":"https:\/\/www.interreg-alert.eu\/alert-pyr\/formation-pilotage-drones\/","title":{"rendered":"COMIT\u00c9 TECHNIQUE DU 2 OCTOBRE 2024"},"content":{"rendered":"<p><em>Le 2 octobre, l\u2019UTTOP a accueilli l\u2019ensemble des partenaires afin de r\u00e9aliser le troisi\u00e8me comit\u00e9 technique de l\u2019ann\u00e9e.<\/em><\/p>\n<p><em>La r\u00e9union a d\u00e9but\u00e9 sur la pr\u00e9sentation des r\u00e9sultats de l\u2019\u00e9v\u00e8nement de la veille qui a eu lieu \u00e0 JACA en pr\u00e9sence des repr\u00e9sentants politiques des territoires et qui avait pour objectif de pr\u00e9senter aux \u00e9lus la n\u00e9cessit\u00e9 de mener \u00e0 bien un projet juridique en parall\u00e8le du projet ALERT-PYR.<\/em><\/p>\n<p><em>Un point a ensuite \u00e9t\u00e9 r\u00e9alis\u00e9 par chacun selon les responsables des actions et activit\u00e9s. Le calendrier des dates \u00e0 venir a \u00e9t\u00e9 pr\u00e9sent\u00e9 et mis \u00e0 jour avec l\u2019ensemble des partenaires, notamment les futures man\u0153uvres transfrontali\u00e8res et les pr\u00e9sentations officielles du projet aupr\u00e8s des communes transfrontali\u00e8res et des chefs de centre de secours.<\/em><\/p>\n<p><em>Le SDIS64, chef de file du projet et charg\u00e9 de la communication, a pr\u00e9sent\u00e9 \u00e0 ses partenaires les affiches du projet, le g\u00e9n\u00e9rique vid\u00e9o ainsi que le site internet, qui ont tous les trois \u00e9t\u00e9s valid\u00e9s par l\u2019ensemble des partenaires.<\/em><\/p>\n\n\t\t<style type=\"text\/css\">\n\t\t\t#gallery-1 {\n\t\t\t\tmargin: auto;\n\t\t\t}\n\t\t\t#gallery-1 .gallery-item {\n\t\t\t\tfloat: left;\n\t\t\t\tmargin-top: 10px;\n\t\t\t\ttext-align: center;\n\t\t\t\twidth: 33%;\n\t\t\t}\n\t\t\t#gallery-1 img {\n\t\t\t\tborder: 2px solid #cfcfcf;\n\t\t\t}\n\t\t\t#gallery-1 .gallery-caption {\n\t\t\t\tmargin-left: 0;\n\t\t\t}\n\t\t\t\/* see gallery_shortcode() in wp-includes\/media.php *\/\n\t\t<\/style>\n\t\t<div id='gallery-1' class='gallery galleryid-1 gallery-columns-3 gallery-size-thumbnail'><dl class='gallery-item'>\n\t\t\t<dt class='gallery-icon landscape'>\n\t\t\t\t<a href='https:\/\/www.interreg-alert.eu\/alert-pyr\/wp-content\/uploads\/2024\/04\/462536886_1607026580221861_4242594519622348969_n.jpg'><img loading=\"lazy\" decoding=\"async\" width=\"400\" height=\"400\" src=\"https:\/\/www.interreg-alert.eu\/alert-pyr\/wp-content\/uploads\/2024\/04\/462536886_1607026580221861_4242594519622348969_n-400x400.jpg\" class=\"attachment-thumbnail size-thumbnail\" alt=\"\" \/><\/a>\n\t\t\t<\/dt><\/dl><dl class='gallery-item'>\n\t\t\t<dt class='gallery-icon portrait'>\n\t\t\t\t<a href='https:\/\/www.interreg-alert.eu\/alert-pyr\/wp-content\/uploads\/2024\/04\/462562256_498174119860605_2335277116993638774_n.jpg'><img loading=\"lazy\" decoding=\"async\" width=\"400\" height=\"400\" src=\"https:\/\/www.interreg-alert.eu\/alert-pyr\/wp-content\/uploads\/2024\/04\/462562256_498174119860605_2335277116993638774_n-400x400.jpg\" class=\"attachment-thumbnail size-thumbnail\" alt=\"\" \/><\/a>\n\t\t\t<\/dt><\/dl><dl class='gallery-item'>\n\t\t\t<dt class='gallery-icon portrait'>\n\t\t\t\t<a href='https:\/\/www.interreg-alert.eu\/alert-pyr\/wp-content\/uploads\/2024\/04\/462578591_2883328768492452_7945361890932474546_n.jpg'><img loading=\"lazy\" decoding=\"async\" width=\"400\" height=\"400\" src=\"https:\/\/www.interreg-alert.eu\/alert-pyr\/wp-content\/uploads\/2024\/04\/462578591_2883328768492452_7945361890932474546_n-400x400.jpg\" class=\"attachment-thumbnail size-thumbnail\" alt=\"\" \/><\/a>\n\t\t\t<\/dt><\/dl><br style=\"clear: both\" \/>\n\t\t<\/div>\n\n","protected":false},"excerpt":{"rendered":"<p>Le 2 octobre, l\u2019UTTOP a accueilli l\u2019ensemble des partenaires afin de r\u00e9aliser le troisi\u00e8me comit\u00e9 technique de l\u2019ann\u00e9e. La r\u00e9union [&hellip;]<\/p>\n","protected":false},"author":1,"featured_media":558,"comment_status":"closed","ping_status":"closed","sticky":false,"template":"","format":"standard","meta":{"_acf_changed":false,"_seopress_robots_primary_cat":"none","_seopress_titles_title":"","_seopress_titles_desc":"","_seopress_robots_index":"","footnotes":""},"categories":[1],"class_list":["post-1","post","type-post","status-publish","format-standard","has-post-thumbnail","hentry","category-actualites"],"acf":[],"lang":"fr","translations":{"fr":1,"es":567},"pll_sync_post":[],"_links":{"self":[{"href":"https:\/\/www.interreg-alert.eu\/alert-pyr\/wp-json\/wp\/v2\/posts\/1","targetHints":{"allow":["GET"]}}],"collection":[{"href":"https:\/\/www.interreg-alert.eu\/alert-pyr\/wp-json\/wp\/v2\/posts"}],"about":[{"href":"https:\/\/www.interreg-alert.eu\/alert-pyr\/wp-json\/wp\/v2\/types\/post"}],"author":[{"embeddable":true,"href":"https:\/\/www.interreg-alert.eu\/alert-pyr\/wp-json\/wp\/v2\/users\/1"}],"replies":[{"embeddable":true,"href":"https:\/\/www.interreg-alert.eu\/alert-pyr\/wp-json\/wp\/v2\/comments?post=1"}],"version-history":[{"count":11,"href":"https:\/\/www.interreg-alert.eu\/alert-pyr\/wp-json\/wp\/v2\/posts\/1\/revisions"}],"predecessor-version":[{"id":671,"href":"https:\/\/www.interreg-alert.eu\/alert-pyr\/wp-json\/wp\/v2\/posts\/1\/revisions\/671"}],"wp:featuredmedia":[{"embeddable":true,"href":"https:\/\/www.interreg-alert.eu\/alert-pyr\/wp-json\/wp\/v2\/media\/558"}],"wp:attachment":[{"href":"https:\/\/www.interreg-alert.eu\/alert-pyr\/wp-json\/wp\/v2\/media?parent=1"}],"wp:term":[{"taxonomy":"category","embeddable":true,"href":"https:\/\/www.interreg-alert.eu\/alert-pyr\/wp-json\/wp\/v2\/categories?post=1"}],"curies":[{"name":"wp","href":"https:\/\/api.w.org\/{rel}","templated":true}]}}