{"id":2585,"date":"2018-08-23T15:26:18","date_gmt":"2018-08-23T14:26:18","guid":{"rendered":"https:\/\/www.interreg-alert.eu\/?p=2585"},"modified":"2018-11-23T15:28:44","modified_gmt":"2018-11-23T14:28:44","slug":"visites-sites-sensibles","status":"publish","type":"post","link":"https:\/\/www.interreg-alert.eu\/es\/non-classe\/visites-sites-sensibles\/","title":{"rendered":"Junio &#8211; agosto de 2018 &#8211; Visitas a emplazamientos sensibles"},"content":{"rendered":"<p><\/p>\n<p style=\"text-align: justify;\">El 1 de junio y el 22 de agosto de 2018, los bomberos de Navarra y los Pirineos Atl\u00e1nticos se reunieron para visitar los emplazamientos sensibles de Dantxaria y La Rhune en el contexto de la acci\u00f3n n.\u00ba 4 \u00abSitios sensibles transfronterizos\u00bb.<\/p>\n<p style=\"text-align: justify;\">El prop\u00f3sito de estas visitas es conocer la realidad del terreno y elaborar planes de intervenci\u00f3n comunes.<\/p>\n<p style=\"text-align: justify;\">Estos planes incluir\u00e1n:<\/p>\n<ul style=\"text-align: justify;\">\n<li>las rutas de acceso para el rescate;<\/li>\n<li>los flujos de evacuaci\u00f3n para el p\u00fablico;<\/li>\n<li>la definici\u00f3n de la ubicaci\u00f3n de las m\u00e1quinas en caso de siniestro;<\/li>\n<li>el posicionamiento de hidrantes y bocas de incendio;<\/li>\n<li>el posicionamiento de extintores, puertas cortafuego, etc.<\/li>\n<\/ul>\n<p style=\"text-align: justify;\">Se definir\u00e1n igualmente escenarios a los que se asociar\u00e1n trenes de salida tipo para los medios en ambos lados de la frontera.<\/p>\n<p><\/p>","protected":false},"excerpt":{"rendered":"<p>El 1 de junio y el 22 de agosto de 2018, los bomberos de Navarra y los Pirineos Atl\u00e1nticos se reunieron para visitar los emplazamientos sensibles de Dantxaria y La Rhune en el contexto de la acci\u00f3n n.\u00ba 4 \u00abSitios [&hellip;]<\/p>\n","protected":false},"author":3,"featured_media":2591,"comment_status":"closed","ping_status":"closed","sticky":false,"template":"","format":"standard","meta":{"_acf_changed":false,"jetpack_post_was_ever_published":false,"_jetpack_newsletter_access":"","_jetpack_dont_email_post_to_subs":false,"_jetpack_newsletter_tier_id":0,"_jetpack_memberships_contains_paywalled_content":false,"_jetpack_memberships_contains_paid_content":false,"footnotes":"","jetpack_publicize_message":"","jetpack_publicize_feature_enabled":true,"jetpack_social_post_already_shared":false,"jetpack_social_options":{"image_generator_settings":{"template":"highway","default_image_id":0,"font":"","enabled":false},"version":2}},"categories":[4,1],"tags":[],"class_list":["post-2585","post","type-post","status-publish","format-standard","has-post-thumbnail","hentry","category-actualites","category-non-classe"],"acf":[],"jetpack_publicize_connections":[],"jetpack_featured_media_url":"https:\/\/www.interreg-alert.eu\/wp-content\/uploads\/2018\/11\/img_0096.jpg","jetpack_sharing_enabled":true,"jetpack_shortlink":"https:\/\/wp.me\/paCW4J-FH","_links":{"self":[{"href":"https:\/\/www.interreg-alert.eu\/es\/wp-json\/wp\/v2\/posts\/2585","targetHints":{"allow":["GET"]}}],"collection":[{"href":"https:\/\/www.interreg-alert.eu\/es\/wp-json\/wp\/v2\/posts"}],"about":[{"href":"https:\/\/www.interreg-alert.eu\/es\/wp-json\/wp\/v2\/types\/post"}],"author":[{"embeddable":true,"href":"https:\/\/www.interreg-alert.eu\/es\/wp-json\/wp\/v2\/users\/3"}],"replies":[{"embeddable":true,"href":"https:\/\/www.interreg-alert.eu\/es\/wp-json\/wp\/v2\/comments?post=2585"}],"version-history":[{"count":2,"href":"https:\/\/www.interreg-alert.eu\/es\/wp-json\/wp\/v2\/posts\/2585\/revisions"}],"predecessor-version":[{"id":2595,"href":"https:\/\/www.interreg-alert.eu\/es\/wp-json\/wp\/v2\/posts\/2585\/revisions\/2595"}],"wp:featuredmedia":[{"embeddable":true,"href":"https:\/\/www.interreg-alert.eu\/es\/wp-json\/wp\/v2\/media\/2591"}],"wp:attachment":[{"href":"https:\/\/www.interreg-alert.eu\/es\/wp-json\/wp\/v2\/media?parent=2585"}],"wp:term":[{"taxonomy":"category","embeddable":true,"href":"https:\/\/www.interreg-alert.eu\/es\/wp-json\/wp\/v2\/categories?post=2585"},{"taxonomy":"post_tag","embeddable":true,"href":"https:\/\/www.interreg-alert.eu\/es\/wp-json\/wp\/v2\/tags?post=2585"}],"curies":[{"name":"wp","href":"https:\/\/api.w.org\/{rel}","templated":true}]}}