{"id":3054,"date":"2019-09-20T16:06:39","date_gmt":"2019-09-20T15:06:39","guid":{"rendered":"https:\/\/www.interreg-alert.eu\/?p=3054"},"modified":"2019-09-20T16:11:58","modified_gmt":"2019-09-20T15:11:58","slug":"18-juin-2019-manoeuvre-de-secours-en-eaux-vives","status":"publish","type":"post","link":"https:\/\/www.interreg-alert.eu\/es\/manoeuvres\/18-juin-2019-manoeuvre-de-secours-en-eaux-vives\/","title":{"rendered":"18 de junio de 2019, manobria rescate acu\u00e1tico"},"content":{"rendered":"<p><\/p>\n<p style=\"text-align: justify;\">El 18 de junio de 2019, los bomberos de los Pirineos Atl\u00e1nticos, Guip\u00fazcoa y Ayuntamiento de Huesca participaron en unas maniobras de rescate acu\u00e1tico organizadas con la ayuda de la Diputaci\u00f3n Provincial de Zaragoza en la zona de Murillo de G\u00e1llego.<\/p>\n<p style=\"text-align: justify;\">Se cont\u00f3 con 27 participantes.<\/p>\n<p style=\"text-align: justify;\">Las pr\u00e1cticas (y los bomberos) se dividieron en dos zonas diferentes y se formaron equipos mixtos para que pudieran intercambiar experiencias entre los distintos territorios.<\/p>\n<p style=\"text-align: justify;\">Tras el descanso, se cambi\u00f3 de zona para que todos pasaran por las mismas pr\u00e1cticas.<\/p>\n<p style=\"text-align: justify;\">La jornada supuso un interesante aprendizaje y fue una oportunidad para que los bomberos de los diferentes territorios puedan intercambiar y compartir experiencias, elemento que siempre resulta muy enriquecedor.<\/p>\n<p><\/p>","protected":false},"excerpt":{"rendered":"<p>El 18 de junio de 2019, los bomberos de los Pirineos Atl\u00e1nticos, Guip\u00fazcoa y Ayuntamiento de Huesca participaron en unas maniobras de rescate acu\u00e1tico organizadas con la ayuda de la Diputaci\u00f3n Provincial de Zaragoza en la zona de Murillo de [&hellip;]<\/p>\n","protected":false},"author":3,"featured_media":3187,"comment_status":"closed","ping_status":"closed","sticky":false,"template":"","format":"standard","meta":{"_acf_changed":false,"jetpack_post_was_ever_published":false,"_jetpack_newsletter_access":"","_jetpack_dont_email_post_to_subs":false,"_jetpack_newsletter_tier_id":0,"_jetpack_memberships_contains_paywalled_content":false,"_jetpack_memberships_contains_paid_content":false,"footnotes":"","jetpack_publicize_message":"","jetpack_publicize_feature_enabled":true,"jetpack_social_post_already_shared":false,"jetpack_social_options":{"image_generator_settings":{"template":"highway","default_image_id":0,"font":"","enabled":false},"version":2}},"categories":[4,7],"tags":[],"class_list":["post-3054","post","type-post","status-publish","format-standard","has-post-thumbnail","hentry","category-actualites","category-manoeuvres"],"acf":[],"jetpack_publicize_connections":[],"jetpack_featured_media_url":"https:\/\/www.interreg-alert.eu\/wp-content\/uploads\/2019\/09\/20190618_101120.jpg","jetpack_sharing_enabled":true,"jetpack_shortlink":"https:\/\/wp.me\/paCW4J-Ng","_links":{"self":[{"href":"https:\/\/www.interreg-alert.eu\/es\/wp-json\/wp\/v2\/posts\/3054","targetHints":{"allow":["GET"]}}],"collection":[{"href":"https:\/\/www.interreg-alert.eu\/es\/wp-json\/wp\/v2\/posts"}],"about":[{"href":"https:\/\/www.interreg-alert.eu\/es\/wp-json\/wp\/v2\/types\/post"}],"author":[{"embeddable":true,"href":"https:\/\/www.interreg-alert.eu\/es\/wp-json\/wp\/v2\/users\/3"}],"replies":[{"embeddable":true,"href":"https:\/\/www.interreg-alert.eu\/es\/wp-json\/wp\/v2\/comments?post=3054"}],"version-history":[{"count":3,"href":"https:\/\/www.interreg-alert.eu\/es\/wp-json\/wp\/v2\/posts\/3054\/revisions"}],"predecessor-version":[{"id":3199,"href":"https:\/\/www.interreg-alert.eu\/es\/wp-json\/wp\/v2\/posts\/3054\/revisions\/3199"}],"wp:featuredmedia":[{"embeddable":true,"href":"https:\/\/www.interreg-alert.eu\/es\/wp-json\/wp\/v2\/media\/3187"}],"wp:attachment":[{"href":"https:\/\/www.interreg-alert.eu\/es\/wp-json\/wp\/v2\/media?parent=3054"}],"wp:term":[{"taxonomy":"category","embeddable":true,"href":"https:\/\/www.interreg-alert.eu\/es\/wp-json\/wp\/v2\/categories?post=3054"},{"taxonomy":"post_tag","embeddable":true,"href":"https:\/\/www.interreg-alert.eu\/es\/wp-json\/wp\/v2\/tags?post=3054"}],"curies":[{"name":"wp","href":"https:\/\/api.w.org\/{rel}","templated":true}]}}