{"id":3056,"date":"2019-09-20T16:07:13","date_gmt":"2019-09-20T15:07:13","guid":{"rendered":"https:\/\/www.interreg-alert.eu\/?p=3056"},"modified":"2019-09-20T16:12:40","modified_gmt":"2019-09-20T15:12:40","slug":"08-juillet-2019-pose-de-la-1ere-pierre-du-centre-transfrontalier-et-manoeuvre","status":"publish","type":"post","link":"https:\/\/www.interreg-alert.eu\/es\/actualites\/08-juillet-2019-pose-de-la-1ere-pierre-du-centre-transfrontalier-et-manoeuvre\/","title":{"rendered":"08 de julio de 2019, colocaci\u00f3n de la primera piedra del centro transfronterizo y maniobra"},"content":{"rendered":"<p><\/p>\n<p style=\"text-align: justify;\">El 8 de julio de 2019, tuvo lugar la colocaci\u00f3n de la primera piedra del centro de bomberos de Saint-Jean-Pied-de-Port, que estar\u00e1 equipado con una sala de formaci\u00f3n y un sitio para maniobras, que permitir\u00e1n que contin\u00fae la colaboraci\u00f3n iniciada en el marco del proyecto ALERT. Esta inauguraci\u00f3n tuvo lugar en presencia del Sr. Eric SPITZ, Prefet de los Pirineos Atl\u00e1nticos, el Sr. Jean-Jacques LASSERRE, Presidente del Consejo Departamental de los Pirineos Atl\u00e1nticos, Sr. Jean-Pierre MIRANDE, Presidente del SDIS de los Pirineos Atl\u00e1nticos, pero tambi\u00e9n de la Sra. Eider MENDOZA, Diputada de gobernanza representando la Diputaci\u00f3n Foral de Gipuzkoa, as\u00ed como representantes de los Gobiernos de Navarra y Arag\u00f3n.<\/p>\n<p style=\"text-align: justify;\">Esta construcci\u00f3n concretar\u00e1 de forma permanente y sostenible el deseo de avanzar hacia la optimizaci\u00f3n del rescate a trav\u00e9s de una mayor colaboraci\u00f3n y mutualizaci\u00f3n de los recursos franco-espa\u00f1oles.<\/p>\n<p style=\"text-align: justify;\">Esta colaboraci\u00f3n, que ya existe, encontr\u00f3 su plena expresi\u00f3n durante la maniobra organizada por el SDIS64 y NAVARRA, ese mismo d\u00eda, a partir de las 6 de la ma\u00f1ana, en el marco del Camino de Santiago de Compostela.<\/p>\n<p><\/p>","protected":false},"excerpt":{"rendered":"<p>El 8 de julio de 2019, tuvo lugar la colocaci\u00f3n de la primera piedra del centro de bomberos de Saint-Jean-Pied-de-Port, que estar\u00e1 equipado con una sala de formaci\u00f3n y un sitio para maniobras, que permitir\u00e1n que contin\u00fae la colaboraci\u00f3n iniciada [&hellip;]<\/p>\n","protected":false},"author":3,"featured_media":3057,"comment_status":"closed","ping_status":"closed","sticky":false,"template":"","format":"standard","meta":{"_acf_changed":false,"jetpack_post_was_ever_published":false,"_jetpack_newsletter_access":"","_jetpack_dont_email_post_to_subs":false,"_jetpack_newsletter_tier_id":0,"_jetpack_memberships_contains_paywalled_content":false,"_jetpack_memberships_contains_paid_content":false,"footnotes":"","jetpack_publicize_message":"","jetpack_publicize_feature_enabled":true,"jetpack_social_post_already_shared":false,"jetpack_social_options":{"image_generator_settings":{"template":"highway","default_image_id":0,"font":"","enabled":false},"version":2}},"categories":[4],"tags":[],"class_list":["post-3056","post","type-post","status-publish","format-standard","has-post-thumbnail","hentry","category-actualites"],"acf":[],"jetpack_publicize_connections":[],"jetpack_featured_media_url":"https:\/\/www.interreg-alert.eu\/wp-content\/uploads\/2019\/09\/dsc_5621.jpg","jetpack_sharing_enabled":true,"jetpack_shortlink":"https:\/\/wp.me\/paCW4J-Ni","_links":{"self":[{"href":"https:\/\/www.interreg-alert.eu\/es\/wp-json\/wp\/v2\/posts\/3056","targetHints":{"allow":["GET"]}}],"collection":[{"href":"https:\/\/www.interreg-alert.eu\/es\/wp-json\/wp\/v2\/posts"}],"about":[{"href":"https:\/\/www.interreg-alert.eu\/es\/wp-json\/wp\/v2\/types\/post"}],"author":[{"embeddable":true,"href":"https:\/\/www.interreg-alert.eu\/es\/wp-json\/wp\/v2\/users\/3"}],"replies":[{"embeddable":true,"href":"https:\/\/www.interreg-alert.eu\/es\/wp-json\/wp\/v2\/comments?post=3056"}],"version-history":[{"count":1,"href":"https:\/\/www.interreg-alert.eu\/es\/wp-json\/wp\/v2\/posts\/3056\/revisions"}],"predecessor-version":[{"id":3172,"href":"https:\/\/www.interreg-alert.eu\/es\/wp-json\/wp\/v2\/posts\/3056\/revisions\/3172"}],"wp:featuredmedia":[{"embeddable":true,"href":"https:\/\/www.interreg-alert.eu\/es\/wp-json\/wp\/v2\/media\/3057"}],"wp:attachment":[{"href":"https:\/\/www.interreg-alert.eu\/es\/wp-json\/wp\/v2\/media?parent=3056"}],"wp:term":[{"taxonomy":"category","embeddable":true,"href":"https:\/\/www.interreg-alert.eu\/es\/wp-json\/wp\/v2\/categories?post=3056"},{"taxonomy":"post_tag","embeddable":true,"href":"https:\/\/www.interreg-alert.eu\/es\/wp-json\/wp\/v2\/tags?post=3056"}],"curies":[{"name":"wp","href":"https:\/\/api.w.org\/{rel}","templated":true}]}}