{"id":3857,"date":"2021-02-03T12:02:36","date_gmt":"2021-02-03T11:02:36","guid":{"rendered":"https:\/\/www.interreg-alert.eu\/?p=3857"},"modified":"2021-02-03T14:05:31","modified_gmt":"2021-02-03T13:05:31","slug":"10-mars-2020-premier-comite-technique-de-lannee","status":"publish","type":"post","link":"https:\/\/www.interreg-alert.eu\/es\/actualites\/10-mars-2020-premier-comite-technique-de-lannee\/","title":{"rendered":"10 de marzo de 2020, primer Comit\u00e9 T\u00e9cnico del a\u00f1o"},"content":{"rendered":"<p><\/p>\n<p style=\"text-align: justify;\">El 10 de marzo pasado tuvo lugar la primera reuni\u00f3n del comit\u00e9 t\u00e9cnico del a\u00f1o 2020.<\/p>\n<p style=\"text-align: justify;\">Todos los socios del proyecto ALERT se reunieron en San Sebasti\u00e1n (GIPUZKOA).<\/p>\n<p style=\"text-align: justify;\">Hicieron un repaso de las acciones ya realizadas, y la planificaci\u00f3n de las acciones del primer semestre de 2020.<\/p>\n<p style=\"text-align: justify;\">Tambi\u00e9n hablaron de la reuni\u00f3n del Comit\u00e9 Directivo prevista en mayo en Zaragoza.<\/p>\n<p style=\"text-align: justify;\">Esta primera reuni\u00f3n del a\u00f1o permiti\u00f3 hacer un punto sobre el presupuesto, los entregables, las adquisiciones, y los objetivos de 2020 y 2021.<\/p>\n<p><\/p>","protected":false},"excerpt":{"rendered":"<p>El 10 de marzo pasado tuvo lugar la primera reuni\u00f3n del comit\u00e9 t\u00e9cnico del a\u00f1o 2020. Todos los socios del proyecto ALERT se reunieron en San Sebasti\u00e1n (GIPUZKOA). Hicieron un repaso de las acciones ya realizadas, y la planificaci\u00f3n de [&hellip;]<\/p>\n","protected":false},"author":3,"featured_media":3858,"comment_status":"closed","ping_status":"closed","sticky":false,"template":"","format":"standard","meta":{"_acf_changed":false,"jetpack_post_was_ever_published":false,"_jetpack_newsletter_access":"","_jetpack_dont_email_post_to_subs":false,"_jetpack_newsletter_tier_id":0,"_jetpack_memberships_contains_paywalled_content":false,"_jetpack_memberships_contains_paid_content":false,"footnotes":"","jetpack_publicize_message":"","jetpack_publicize_feature_enabled":true,"jetpack_social_post_already_shared":false,"jetpack_social_options":{"image_generator_settings":{"template":"highway","default_image_id":0,"font":"","enabled":false},"version":2}},"categories":[4],"tags":[],"class_list":["post-3857","post","type-post","status-publish","format-standard","has-post-thumbnail","hentry","category-actualites"],"acf":[],"jetpack_publicize_connections":[],"jetpack_featured_media_url":"https:\/\/www.interreg-alert.eu\/wp-content\/uploads\/2021\/02\/img_0458.jpg","jetpack_sharing_enabled":true,"jetpack_shortlink":"https:\/\/wp.me\/paCW4J-10d","_links":{"self":[{"href":"https:\/\/www.interreg-alert.eu\/es\/wp-json\/wp\/v2\/posts\/3857","targetHints":{"allow":["GET"]}}],"collection":[{"href":"https:\/\/www.interreg-alert.eu\/es\/wp-json\/wp\/v2\/posts"}],"about":[{"href":"https:\/\/www.interreg-alert.eu\/es\/wp-json\/wp\/v2\/types\/post"}],"author":[{"embeddable":true,"href":"https:\/\/www.interreg-alert.eu\/es\/wp-json\/wp\/v2\/users\/3"}],"replies":[{"embeddable":true,"href":"https:\/\/www.interreg-alert.eu\/es\/wp-json\/wp\/v2\/comments?post=3857"}],"version-history":[{"count":1,"href":"https:\/\/www.interreg-alert.eu\/es\/wp-json\/wp\/v2\/posts\/3857\/revisions"}],"predecessor-version":[{"id":3859,"href":"https:\/\/www.interreg-alert.eu\/es\/wp-json\/wp\/v2\/posts\/3857\/revisions\/3859"}],"wp:featuredmedia":[{"embeddable":true,"href":"https:\/\/www.interreg-alert.eu\/es\/wp-json\/wp\/v2\/media\/3858"}],"wp:attachment":[{"href":"https:\/\/www.interreg-alert.eu\/es\/wp-json\/wp\/v2\/media?parent=3857"}],"wp:term":[{"taxonomy":"category","embeddable":true,"href":"https:\/\/www.interreg-alert.eu\/es\/wp-json\/wp\/v2\/categories?post=3857"},{"taxonomy":"post_tag","embeddable":true,"href":"https:\/\/www.interreg-alert.eu\/es\/wp-json\/wp\/v2\/tags?post=3857"}],"curies":[{"name":"wp","href":"https:\/\/api.w.org\/{rel}","templated":true}]}}