{"id":3887,"date":"2021-02-03T17:14:10","date_gmt":"2021-02-03T16:14:10","guid":{"rendered":"https:\/\/www.interreg-alert.eu\/?p=3887"},"modified":"2021-02-03T17:14:10","modified_gmt":"2021-02-03T16:14:10","slug":"16-au-20-novembre-2020-formation-drone","status":"publish","type":"post","link":"https:\/\/www.interreg-alert.eu\/es\/actualites\/16-au-20-novembre-2020-formation-drone\/","title":{"rendered":"Del 16 al 20 de noviembre de 2020, Formaci\u00f3n dron"},"content":{"rendered":"<p><\/p>\n<p style=\"text-align: justify;\"><em>Como parte de la acci\u00f3n de coordinaci\u00f3n operativa.<\/em><\/p>\n<p style=\"text-align: justify;\">La formaci\u00f3n tuvo lugar del 16 al 20 de noviembre de 2020 en las instalaciones de la compa\u00f1\u00eda Flyingeye en los Alpes Mar\u00edtimos (06). Esta formaci\u00f3n, esencialmente te\u00f3rica, permiti\u00f3 entender c\u00f3mo manejar mejor el dron DJI Matrix 210 adquirido como parte del proyecto ALERT, a trav\u00e9s de una mejor comprensi\u00f3n y dominio de la herramienta.<\/p>\n<p style=\"text-align: justify;\">Esta formaci\u00f3n permitir\u00e1 un mejor uso de la herramienta y su potencial.<\/p>\n<p style=\"text-align: justify;\">El comandante Julien NOZERES y el capit\u00e1n Didier ISSON completaron el entrenamiento.<\/p>\n<p><\/p>","protected":false},"excerpt":{"rendered":"<p>Como parte de la acci\u00f3n de coordinaci\u00f3n operativa. La formaci\u00f3n tuvo lugar del 16 al 20 de noviembre de 2020 en las instalaciones de la compa\u00f1\u00eda Flyingeye en los Alpes Mar\u00edtimos (06). Esta formaci\u00f3n, esencialmente te\u00f3rica, permiti\u00f3 entender c\u00f3mo manejar [&hellip;]<\/p>\n","protected":false},"author":3,"featured_media":3888,"comment_status":"closed","ping_status":"closed","sticky":false,"template":"","format":"standard","meta":{"_acf_changed":false,"jetpack_post_was_ever_published":false,"_jetpack_newsletter_access":"","_jetpack_dont_email_post_to_subs":false,"_jetpack_newsletter_tier_id":0,"_jetpack_memberships_contains_paywalled_content":false,"_jetpack_memberships_contains_paid_content":false,"footnotes":"","jetpack_publicize_message":"","jetpack_publicize_feature_enabled":true,"jetpack_social_post_already_shared":false,"jetpack_social_options":{"image_generator_settings":{"template":"highway","default_image_id":0,"font":"","enabled":false},"version":2}},"categories":[4],"tags":[],"class_list":["post-3887","post","type-post","status-publish","format-standard","has-post-thumbnail","hentry","category-actualites"],"acf":[],"jetpack_publicize_connections":[],"jetpack_featured_media_url":"https:\/\/www.interreg-alert.eu\/wp-content\/uploads\/2021\/02\/20201223_151304.jpg","jetpack_sharing_enabled":true,"jetpack_shortlink":"https:\/\/wp.me\/paCW4J-10H","_links":{"self":[{"href":"https:\/\/www.interreg-alert.eu\/es\/wp-json\/wp\/v2\/posts\/3887","targetHints":{"allow":["GET"]}}],"collection":[{"href":"https:\/\/www.interreg-alert.eu\/es\/wp-json\/wp\/v2\/posts"}],"about":[{"href":"https:\/\/www.interreg-alert.eu\/es\/wp-json\/wp\/v2\/types\/post"}],"author":[{"embeddable":true,"href":"https:\/\/www.interreg-alert.eu\/es\/wp-json\/wp\/v2\/users\/3"}],"replies":[{"embeddable":true,"href":"https:\/\/www.interreg-alert.eu\/es\/wp-json\/wp\/v2\/comments?post=3887"}],"version-history":[{"count":1,"href":"https:\/\/www.interreg-alert.eu\/es\/wp-json\/wp\/v2\/posts\/3887\/revisions"}],"predecessor-version":[{"id":3889,"href":"https:\/\/www.interreg-alert.eu\/es\/wp-json\/wp\/v2\/posts\/3887\/revisions\/3889"}],"wp:featuredmedia":[{"embeddable":true,"href":"https:\/\/www.interreg-alert.eu\/es\/wp-json\/wp\/v2\/media\/3888"}],"wp:attachment":[{"href":"https:\/\/www.interreg-alert.eu\/es\/wp-json\/wp\/v2\/media?parent=3887"}],"wp:term":[{"taxonomy":"category","embeddable":true,"href":"https:\/\/www.interreg-alert.eu\/es\/wp-json\/wp\/v2\/categories?post=3887"},{"taxonomy":"post_tag","embeddable":true,"href":"https:\/\/www.interreg-alert.eu\/es\/wp-json\/wp\/v2\/tags?post=3887"}],"curies":[{"name":"wp","href":"https:\/\/api.w.org\/{rel}","templated":true}]}}